{"id":1441,"date":"2023-06-14T11:14:22","date_gmt":"2023-06-14T10:14:22","guid":{"rendered":"https:\/\/cavbesana.it\/?p=1441"},"modified":"2023-06-14T11:14:25","modified_gmt":"2023-06-14T10:14:25","slug":"standard-post-6-16","status":"publish","type":"post","link":"https:\/\/cavbesana.it\/?p=1441","title":{"rendered":"CAV-Besana si racconta ( Parte 21)"},"content":{"rendered":"<h2>INSIEME NEL BISOGNO<\/h2>\n<p>Gli anni 2009-2015 non sono facili per molte famiglie : in tutta europa si sta affrontando la crisi economica iniziata nel 2008, molte aziende hanno chiuso e chi ancora ha un lavoro spesso si trova a lavorare ad orari ridotti, i prezzi dei beni di consumo crescono sempre di pi\u00f9 e\u00a0per moltissime famiglie, soprattutto se con figli,\u00a0 \u00e8 diventato difficile sbarcare il lunario senza un aiuto da parte dei genitori o di associazioni benefiche.<\/p>\n<p>Anche il @CAV-Besana in quegli anni vede crescere le richieste d&#8217;aiuto, soprattutto da parte di famiglie italiane e anche nuclei con un solo figlio, e allo stesso tempo diminuiscono le donazioni proprio a seguito di una ridotta disponibilit\u00e0 economica generalizzata.<\/p>\n<p>E&#8217; in questo periodo che,\u00a0 per\u00a0cercare di soddisfare le necessit\u00e0 di tutti, l&#8217;associazione decide di concentrare il sostegno per i neonati nei primi 18-mesi\u00a0di vita, introducendo la fornitura di generi alimentari per lo svezzamento e un pi\u00f9 frequente contatto di revisione delle necessit\u00e0 dell&#8217;intera famiglia.<\/p>\n<p>Vengono attivate nuove modalit\u00e0 di raccolta di generi alimentari e materiale per la prima infanzia e il servizio guardaroba introduce una sezione dedicata all&#8217;abbigliamento Premaman<\/p>\n<p>In questi anni, in collaborazione con l&#8217;ente pubblico,\u00a0 il CAV diventa referente per i progetti NASKO e pu\u00f2 certificare una situazione\u00a0di vulnerabilit\u00e0 che apre ad altri aiuti pubblici.<\/p>\n<p><strong>Cosa abbiamo imparato da quel periodo?\u00a0<\/strong><\/p>\n<p>Che affrontare le difficolt\u00e0 senza perdersi d&#8217;animo \u00e8 s\u00ec faticoso, ma fa scoprire energie nascoste e apre nuovi orizzonti.<\/p>\n","protected":false},"excerpt":{"rendered":"<p>INSIEME NEL BISOGNO Gli anni 2009-2015 non sono facili per molte famiglie : in tutta europa si sta affrontando la crisi economica iniziata nel 2008, molte aziende hanno chiuso e chi ancora ha un lavoro spesso si trova a lavorare ad orari ridotti, i prezzi dei beni di consumo crescono sempre di pi\u00f9 e\u00a0per moltissime famiglie, soprattutto se con figli,\u00a0&hellip;<\/p>\n","protected":false},"author":1,"featured_media":1473,"comment_status":"closed","ping_status":"open","sticky":false,"template":"","format":"standard","meta":{"footnotes":""},"categories":[50],"tags":[],"class_list":["post-1441","post","type-post","status-publish","format-standard","has-post-thumbnail","hentry","category-la-storia-del-cav-besana"],"_links":{"self":[{"href":"https:\/\/cavbesana.it\/index.php?rest_route=\/wp\/v2\/posts\/1441","targetHints":{"allow":["GET"]}}],"collection":[{"href":"https:\/\/cavbesana.it\/index.php?rest_route=\/wp\/v2\/posts"}],"about":[{"href":"https:\/\/cavbesana.it\/index.php?rest_route=\/wp\/v2\/types\/post"}],"author":[{"embeddable":true,"href":"https:\/\/cavbesana.it\/index.php?rest_route=\/wp\/v2\/users\/1"}],"replies":[{"embeddable":true,"href":"https:\/\/cavbesana.it\/index.php?rest_route=%2Fwp%2Fv2%2Fcomments&post=1441"}],"version-history":[{"count":1,"href":"https:\/\/cavbesana.it\/index.php?rest_route=\/wp\/v2\/posts\/1441\/revisions"}],"predecessor-version":[{"id":1474,"href":"https:\/\/cavbesana.it\/index.php?rest_route=\/wp\/v2\/posts\/1441\/revisions\/1474"}],"wp:featuredmedia":[{"embeddable":true,"href":"https:\/\/cavbesana.it\/index.php?rest_route=\/wp\/v2\/media\/1473"}],"wp:attachment":[{"href":"https:\/\/cavbesana.it\/index.php?rest_route=%2Fwp%2Fv2%2Fmedia&parent=1441"}],"wp:term":[{"taxonomy":"category","embeddable":true,"href":"https:\/\/cavbesana.it\/index.php?rest_route=%2Fwp%2Fv2%2Fcategories&post=1441"},{"taxonomy":"post_tag","embeddable":true,"href":"https:\/\/cavbesana.it\/index.php?rest_route=%2Fwp%2Fv2%2Ftags&post=1441"}],"curies":[{"name":"wp","href":"https:\/\/api.w.org\/{rel}","templated":true}]}}