{"id":1437,"date":"2023-06-14T11:06:48","date_gmt":"2023-06-14T10:06:48","guid":{"rendered":"https:\/\/cavbesana.it\/?p=1437"},"modified":"2023-06-14T11:06:52","modified_gmt":"2023-06-14T10:06:52","slug":"standard-post-6-12","status":"publish","type":"post","link":"https:\/\/cavbesana.it\/?p=1437","title":{"rendered":"CAV-Besana si racconta ( Parte 16)"},"content":{"rendered":"<p>Nel decennio 2000 -2010\u00a0 del CAV Besana\u00a0 il\u00a0 teatro ha avuto un ruolo importante con la\u00a0 partecipazione sia di noi volontari che di attori (pi\u00f9 o meno giovani con le\u00a0 loro famiglie).<\/p>\n<p>Elena , la nostra regista di quegli anni ci racconta:<\/p>\n<h4>\u201cCANTANDO PER LA VITA\u201d: IL MIO CAV DEL NUOVO MILLENNIO, di Elena Galeazzi Signore<\/h4>\n<p>Mi piace ricordare il CAV di Besana come l\u2019inizio per me di una nuova vita. Iniziava il nuovo millennio che segnava anche un cambiamento importante perch\u00e9 mi trovavo a riorganizzare il mio tempo libero, terminato il periodo lavorativo, con ancora tanta energia e tanta voglia di fare qualcosa di bello per me e per gli altri. I figli cresciuti, terminati gli studi e gi\u00e0 entrati nel mondo del lavoro, il marito gi\u00e0 orientato anche lui verso attivit\u00e0 di volontariato, la decisione di trasferirci da Milano a Besana. Un globale cambiamento che fu molto stimolante a intraprendere una nuova vita: qualcosa e qualcuno mi aspettava l\u00e0 fuori.<\/p>\n<p>Iniziai quindi a guardarmi in giro e scoprii che c\u2019era l\u2019imbarazzo della scelta e in breve tempo mi ritrovai con le giornate piene di impegni tra cui, uno dei pi\u00f9 gratificanti, il Centro di Aiuto alla Vita. Conoscevo gi\u00e0 l\u2019esistenza del CAV, ma non c\u2019era mai stato il tempo di approfondire e aderire a questa straordinaria iniziativa.<\/p>\n<p>Ecco dunque l\u2019occasione! Essendo proveniente da una esperienza pluriennale di attivit\u00e0 teatrale soprattutto con i ragazzi, mi venne chiesto se volessi occuparmi dell\u2019allestimento dello spettacolo teatrale annuale del CAV, \u201cCantando per la vita\u201d, che vede coinvolti ragazzi e ragazze dall\u2019et\u00e0 scolare alle superiori, il cui ritorno economico serve per aiutare tante situazioni difficili seguite dal volontariato del CAV.<\/p>\n<p>Non ebbi esitazioni e da quel giorno entrai a far parte della squadra dei volontari del CAV. Il mio impegno si rivolse essenzialmente alla preparazione dello spettacolo, perch\u00e9 richiede mesi di lavoro non solo mio, ma anche di tanti collaboratori, esperti chi di musica e canto, chi di danza, chi di scenografia e costumi. A me il compito della regia e la cura della recitazione, che richiedeva anche un po\u2019 di laboratorio teatrale per i giovanissimi attori.<\/p>\n<p>Ho visto crescere questi ragazzi e ragazze anno dopo anno, molti crescendo hanno lasciato il posto ai nuovi, ma alcuni di loro si sono lasciati contagiare dalla passione e adesso, che non posso pi\u00f9 farlo personalmente, sono loro che portano avanti questo impegno con entusiasmo, creativit\u00e0, dedizione e con la freschezza della giovent\u00f9. Giovani di cui andare fieri!<\/p>\n<p>Sono passati pi\u00f9 di vent\u2019anni ma non sembra e ora, dopo questa fermata obbligata di un anno e mezzo, ai giovani talenti dico che sar\u00e0 tempo di ricominciare perch\u00e9 credo che oltre ad essere utile al CAV che \u00e8 sempre nel mio cuore, sia importante dare ad altri ragazzi e ragazze l\u2019opportunit\u00e0 di imparare molto attraverso il teatro, scuola di vita.\u201d<\/p>\n<p>Ringraziamo Elena che con la sua esperienza nella regia e tanta tanta passione ha saputo mettere in scena degli spettacoli di alta qualit\u00e0\u00a0 che anno dopo anno hanno attirato sempre pi\u00f9 persone sia alla Prima che nelle successive repliche.<\/p>\n<h3>Ci auguriamo di poter riprendere questa bella iniziativa al pi\u00f9 presto e ritrovarci di nuovo tutti insieme \u201cCANTANDO PER LA VITA\u201d.<\/h3>\n","protected":false},"excerpt":{"rendered":"<p>Nel decennio 2000 -2010\u00a0 del CAV Besana\u00a0 il\u00a0 teatro ha avuto un ruolo importante con la\u00a0 partecipazione sia di noi volontari che di attori (pi\u00f9 o meno giovani con le\u00a0 loro famiglie). Elena , la nostra regista di quegli anni ci racconta: \u201cCANTANDO PER LA VITA\u201d: IL MIO CAV DEL NUOVO MILLENNIO, di Elena Galeazzi Signore Mi piace ricordare il&hellip;<\/p>\n","protected":false},"author":1,"featured_media":1464,"comment_status":"closed","ping_status":"open","sticky":false,"template":"","format":"standard","meta":{"footnotes":""},"categories":[50],"tags":[],"class_list":["post-1437","post","type-post","status-publish","format-standard","has-post-thumbnail","hentry","category-la-storia-del-cav-besana"],"_links":{"self":[{"href":"https:\/\/cavbesana.it\/index.php?rest_route=\/wp\/v2\/posts\/1437","targetHints":{"allow":["GET"]}}],"collection":[{"href":"https:\/\/cavbesana.it\/index.php?rest_route=\/wp\/v2\/posts"}],"about":[{"href":"https:\/\/cavbesana.it\/index.php?rest_route=\/wp\/v2\/types\/post"}],"author":[{"embeddable":true,"href":"https:\/\/cavbesana.it\/index.php?rest_route=\/wp\/v2\/users\/1"}],"replies":[{"embeddable":true,"href":"https:\/\/cavbesana.it\/index.php?rest_route=%2Fwp%2Fv2%2Fcomments&post=1437"}],"version-history":[{"count":1,"href":"https:\/\/cavbesana.it\/index.php?rest_route=\/wp\/v2\/posts\/1437\/revisions"}],"predecessor-version":[{"id":1465,"href":"https:\/\/cavbesana.it\/index.php?rest_route=\/wp\/v2\/posts\/1437\/revisions\/1465"}],"wp:featuredmedia":[{"embeddable":true,"href":"https:\/\/cavbesana.it\/index.php?rest_route=\/wp\/v2\/media\/1464"}],"wp:attachment":[{"href":"https:\/\/cavbesana.it\/index.php?rest_route=%2Fwp%2Fv2%2Fmedia&parent=1437"}],"wp:term":[{"taxonomy":"category","embeddable":true,"href":"https:\/\/cavbesana.it\/index.php?rest_route=%2Fwp%2Fv2%2Fcategories&post=1437"},{"taxonomy":"post_tag","embeddable":true,"href":"https:\/\/cavbesana.it\/index.php?rest_route=%2Fwp%2Fv2%2Ftags&post=1437"}],"curies":[{"name":"wp","href":"https:\/\/api.w.org\/{rel}","templated":true}]}}