{"id":1434,"date":"2023-06-14T10:59:31","date_gmt":"2023-06-14T09:59:31","guid":{"rendered":"https:\/\/cavbesana.it\/?p=1434"},"modified":"2023-06-14T10:59:36","modified_gmt":"2023-06-14T09:59:36","slug":"standard-post-6-8","status":"publish","type":"post","link":"https:\/\/cavbesana.it\/?p=1434","title":{"rendered":"CAV-Besana si racconta ( Parte 12)"},"content":{"rendered":"<h2>Accogliere nell\u2019 Incontro<\/h2>\n<p>Di anno in anno cresceva il numero di famiglie che si rivolgevano al CAV e come associazione volevamo trovare una modalit\u00e0 pratica per riuscire a seguire tutte le necessit\u00e0 e allo stesso tempo non rinunciare a quel rapporto personale che si pu\u00f2 costruire solo con l\u2019incontro e che l\u2019esperienza degli anni precedenti ci aveva dimostrato essere una vera opportunit\u00e0 di conoscenza e accoglienza reciproca.<\/p>\n<p>Decidemmo quindi di ampliare il servizio accoglienza del gioved\u00ec con la presenza di pi\u00f9 volontarie cos\u00ec da poter affiancare alla distribuzione del materiale anche un momento di ascolto e conoscenza delle persone che si rivolgevano a noi per la prima volta.<\/p>\n<p>Questo primo incontro veniva,\u00a0 e viene tuttora,\u00a0 seguito da una visita a domicilio, fatta da una o due persone dell\u2019associazione che resteranno il contatto diretto per la famiglia, la persona a cui rivolgersi per tutto il periodo del sostegno con messaggi, telefonate o incontri pi\u00f9 o meno frequenti in base alla necessit\u00e0.<\/p>\n<p>Questa relazione che inizia da un bisogno, negli anni, non di raro, si trasforma spontaneamente in un legame pi\u00f9 stretto, pi\u00f9 amichevole, talvolta anche di familiarit\u00e0<\/p>\n<p>Vogliamo concludere con un invito all\u2019 incontro che ci viene da un proverbio indiano:<\/p>\n<h4>&#8220;Da lontano ho visto un mostro.<\/h4>\n<h4>Avvicinandomi ho visto un uomo.<\/h4>\n<h4>Parlandogli ho trovato un fratello&#8221;<\/h4>\n","protected":false},"excerpt":{"rendered":"<p>Accogliere nell\u2019 Incontro Di anno in anno cresceva il numero di famiglie che si rivolgevano al CAV e come associazione volevamo trovare una modalit\u00e0 pratica per riuscire a seguire tutte le necessit\u00e0 e allo stesso tempo non rinunciare a quel rapporto personale che si pu\u00f2 costruire solo con l\u2019incontro e che l\u2019esperienza degli anni precedenti ci aveva dimostrato essere una&hellip;<\/p>\n","protected":false},"author":1,"featured_media":1456,"comment_status":"closed","ping_status":"open","sticky":false,"template":"","format":"standard","meta":{"footnotes":""},"categories":[50],"tags":[],"class_list":["post-1434","post","type-post","status-publish","format-standard","has-post-thumbnail","hentry","category-la-storia-del-cav-besana"],"_links":{"self":[{"href":"https:\/\/cavbesana.it\/index.php?rest_route=\/wp\/v2\/posts\/1434","targetHints":{"allow":["GET"]}}],"collection":[{"href":"https:\/\/cavbesana.it\/index.php?rest_route=\/wp\/v2\/posts"}],"about":[{"href":"https:\/\/cavbesana.it\/index.php?rest_route=\/wp\/v2\/types\/post"}],"author":[{"embeddable":true,"href":"https:\/\/cavbesana.it\/index.php?rest_route=\/wp\/v2\/users\/1"}],"replies":[{"embeddable":true,"href":"https:\/\/cavbesana.it\/index.php?rest_route=%2Fwp%2Fv2%2Fcomments&post=1434"}],"version-history":[{"count":1,"href":"https:\/\/cavbesana.it\/index.php?rest_route=\/wp\/v2\/posts\/1434\/revisions"}],"predecessor-version":[{"id":1457,"href":"https:\/\/cavbesana.it\/index.php?rest_route=\/wp\/v2\/posts\/1434\/revisions\/1457"}],"wp:featuredmedia":[{"embeddable":true,"href":"https:\/\/cavbesana.it\/index.php?rest_route=\/wp\/v2\/media\/1456"}],"wp:attachment":[{"href":"https:\/\/cavbesana.it\/index.php?rest_route=%2Fwp%2Fv2%2Fmedia&parent=1434"}],"wp:term":[{"taxonomy":"category","embeddable":true,"href":"https:\/\/cavbesana.it\/index.php?rest_route=%2Fwp%2Fv2%2Fcategories&post=1434"},{"taxonomy":"post_tag","embeddable":true,"href":"https:\/\/cavbesana.it\/index.php?rest_route=%2Fwp%2Fv2%2Ftags&post=1434"}],"curies":[{"name":"wp","href":"https:\/\/api.w.org\/{rel}","templated":true}]}}