{"id":1432,"date":"2023-06-14T10:55:06","date_gmt":"2023-06-14T09:55:06","guid":{"rendered":"https:\/\/cavbesana.it\/?p=1432"},"modified":"2023-06-14T10:55:10","modified_gmt":"2023-06-14T09:55:10","slug":"standard-post-6-6","status":"publish","type":"post","link":"https:\/\/cavbesana.it\/?p=1432","title":{"rendered":"CAV-Besana si racconta ( Parte 10)"},"content":{"rendered":"<h2>PERCH\u00c9 VOLONTARIA&#8230;<\/h2>\n<p>Siamo negli anni 2000 e il Centro di aiuto alla vita di Besana Brianza \u00e8 una realt\u00e0 sempre pi\u00f9 presente sul nostro territorio.<\/p>\n<p>Oggi vogliamo raccontarvi come una nostra volontaria ha scelto di dedicare parte del suo tempo alla nostra associazione.<\/p>\n<p>&#8220;Avevo iniziato facendo volontariato in Croce Bianca ma poi tra la famiglia e il lavoro ho abbandonato.<\/p>\n<p>L&#8217;idea di riprendere a fare volontariato \u00e8 sempre rimasta l\u00ec &#8230;in attesa del momento giusto magari quando fossi andata in pensione. Nel 2005 per\u00f2 un fatto doloroso che colpi la mia famiglia, mi fece riflettere sulla fragilit\u00e0 della nostra vita, sul fatto che non potevo sapere io se e come sarei arrivata alla pensione, quindi dopo mesi di riflessione decisi di lasciare il lavoro e dedicarmi al volontariato.<\/p>\n<p>Il mio desiderio era di fare volontariato con bambini e disabili quindi mi rivolsi ad una associazione sul nostro territorio che si occupa proprio di loro.<\/p>\n<p>Inoltre in parrocchia avevo sentito parlare del CAV di Besana perch\u00e9 ogni anno si raccoglievano i soldi per il Progetto Gemma.<\/p>\n<p>Stavo cercando il modo di contattare l\u2019associazione per propormi, quando, l\u2019ultima domenica del Gennaio 2006, Festa della Famiglia, durante la S. Messa ci fu una testimonianza sull\u2019accoglienza e il perdono che mi colp\u00ec molto. Il Parroco disse cognome e nome della persona che fece la testimonianza e disse che era del CAV di Besana.<\/p>\n<p>Non poteva essere una semplice coincidenza, Qualcuno mi apriva la strada verso il volontariato nel CAV<\/p>\n<p>Chiamai in sede proponendomi e subito una volontaria felice ed entusiasta della mia offerta di tempo mi invit\u00f2 a partecipare ad una riunione per organizzare la Festa della Vita .<\/p>\n<p>Cos\u00ec inizi\u00f2 la mia avventura nel CAV di Besana attraverso la quale sono venuta a conoscenza dello spaventoso numero di bambini che vengono soppressi con l\u2019aborto e di cui, purtroppo, pochi parlano\u201d.<\/p>\n<p>Ringraziamo la nostra amica per la sua preziosa testimonianza\u00a0 e tutti quelli che in qualche modo contribuiscono al sogno di poter credere nella vita.<\/p>\n","protected":false},"excerpt":{"rendered":"<p>PERCH\u00c9 VOLONTARIA&#8230; Siamo negli anni 2000 e il Centro di aiuto alla vita di Besana Brianza \u00e8 una realt\u00e0 sempre pi\u00f9 presente sul nostro territorio. Oggi vogliamo raccontarvi come una nostra volontaria ha scelto di dedicare parte del suo tempo alla nostra associazione. &#8220;Avevo iniziato facendo volontariato in Croce Bianca ma poi tra la famiglia e il lavoro ho abbandonato.&hellip;<\/p>\n","protected":false},"author":1,"featured_media":1452,"comment_status":"closed","ping_status":"open","sticky":false,"template":"","format":"standard","meta":{"footnotes":""},"categories":[50],"tags":[],"class_list":["post-1432","post","type-post","status-publish","format-standard","has-post-thumbnail","hentry","category-la-storia-del-cav-besana"],"_links":{"self":[{"href":"https:\/\/cavbesana.it\/index.php?rest_route=\/wp\/v2\/posts\/1432","targetHints":{"allow":["GET"]}}],"collection":[{"href":"https:\/\/cavbesana.it\/index.php?rest_route=\/wp\/v2\/posts"}],"about":[{"href":"https:\/\/cavbesana.it\/index.php?rest_route=\/wp\/v2\/types\/post"}],"author":[{"embeddable":true,"href":"https:\/\/cavbesana.it\/index.php?rest_route=\/wp\/v2\/users\/1"}],"replies":[{"embeddable":true,"href":"https:\/\/cavbesana.it\/index.php?rest_route=%2Fwp%2Fv2%2Fcomments&post=1432"}],"version-history":[{"count":1,"href":"https:\/\/cavbesana.it\/index.php?rest_route=\/wp\/v2\/posts\/1432\/revisions"}],"predecessor-version":[{"id":1453,"href":"https:\/\/cavbesana.it\/index.php?rest_route=\/wp\/v2\/posts\/1432\/revisions\/1453"}],"wp:featuredmedia":[{"embeddable":true,"href":"https:\/\/cavbesana.it\/index.php?rest_route=\/wp\/v2\/media\/1452"}],"wp:attachment":[{"href":"https:\/\/cavbesana.it\/index.php?rest_route=%2Fwp%2Fv2%2Fmedia&parent=1432"}],"wp:term":[{"taxonomy":"category","embeddable":true,"href":"https:\/\/cavbesana.it\/index.php?rest_route=%2Fwp%2Fv2%2Fcategories&post=1432"},{"taxonomy":"post_tag","embeddable":true,"href":"https:\/\/cavbesana.it\/index.php?rest_route=%2Fwp%2Fv2%2Ftags&post=1432"}],"curies":[{"name":"wp","href":"https:\/\/api.w.org\/{rel}","templated":true}]}}