{"id":1428,"date":"2023-06-14T10:47:38","date_gmt":"2023-06-14T09:47:38","guid":{"rendered":"https:\/\/cavbesana.it\/?p=1428"},"modified":"2023-06-14T10:47:42","modified_gmt":"2023-06-14T09:47:42","slug":"standard-post-6-2","status":"publish","type":"post","link":"https:\/\/cavbesana.it\/?p=1428","title":{"rendered":"CAV-Besana si racconta ( Parte 6)"},"content":{"rendered":"<h2>Ed eccoci arrivati ai 10anni del CAV Besana !!<\/h2>\n<p>Quell&#8217;anno, era il 1998, per festeggiare un anniversario cos\u00ec importante sono stati organizzati diversi eventi :<\/p>\n<p>&#8211; una conferenza per far conoscere sul nostro territorio il PROGETTO GEMMA (<a href=\"http:\/\/www.mpv.org\/progetto-gemma\/\">www.mpv.org\/progetto-gemma\/<\/a>) ,<\/p>\n<p>&#8211; un viaggio a ROMA per partecipare alla manifestazione PRO-LIFE e, non meno importante, per la gioia di tutti i nostri bambini, la presenza di Cino Tortorella nei panni di Mago Zurl\u00ec alla manifestazione &#8220;CANTANDO PER LA VITA&#8221;<\/p>\n<p>Per ricordare i primi 10 anni di attivit\u00e0 dell&#8217;associazione \u00e8 stato anche preparato un libretto dal quale prendiamo una frase scritta dal presidente di allora e che vogliamo condividervi perch\u00e8 ben rispecchia lo spirito che ancora ci anima :<\/p>\n<p>&#8220;Ci\u00f2 che noi desideravamo e desideriamo \u00e8 di essere persone che incontrano l&#8217;altro , non perch\u00e8 hanno qualcosa da dare ma perch\u00e8 , a loro volta, hanno vissuto l&#8217;esperienza dell&#8217;essere accolti e che dall&#8217;altro ricevono e nella sua compagnia si arricchiscono.<\/p>\n<p>Il rapporto con l&#8217;altro quindi non voleva e non vuole essere pretesa di cambiamento, ma rispetto e stima reciproca e , laddove la libert\u00e0 lo consente, anche amicizia , quindi cambiamento e crescita per entrambi &#8220;<\/p>\n","protected":false},"excerpt":{"rendered":"<p>Ed eccoci arrivati ai 10anni del CAV Besana !! Quell&#8217;anno, era il 1998, per festeggiare un anniversario cos\u00ec importante sono stati organizzati diversi eventi : &#8211; una conferenza per far conoscere sul nostro territorio il PROGETTO GEMMA (www.mpv.org\/progetto-gemma\/) , &#8211; un viaggio a ROMA per partecipare alla manifestazione PRO-LIFE e, non meno importante, per la gioia di tutti i nostri&hellip;<\/p>\n","protected":false},"author":1,"featured_media":1444,"comment_status":"closed","ping_status":"open","sticky":false,"template":"","format":"standard","meta":{"footnotes":""},"categories":[50],"tags":[],"class_list":["post-1428","post","type-post","status-publish","format-standard","has-post-thumbnail","hentry","category-la-storia-del-cav-besana"],"_links":{"self":[{"href":"https:\/\/cavbesana.it\/index.php?rest_route=\/wp\/v2\/posts\/1428","targetHints":{"allow":["GET"]}}],"collection":[{"href":"https:\/\/cavbesana.it\/index.php?rest_route=\/wp\/v2\/posts"}],"about":[{"href":"https:\/\/cavbesana.it\/index.php?rest_route=\/wp\/v2\/types\/post"}],"author":[{"embeddable":true,"href":"https:\/\/cavbesana.it\/index.php?rest_route=\/wp\/v2\/users\/1"}],"replies":[{"embeddable":true,"href":"https:\/\/cavbesana.it\/index.php?rest_route=%2Fwp%2Fv2%2Fcomments&post=1428"}],"version-history":[{"count":1,"href":"https:\/\/cavbesana.it\/index.php?rest_route=\/wp\/v2\/posts\/1428\/revisions"}],"predecessor-version":[{"id":1445,"href":"https:\/\/cavbesana.it\/index.php?rest_route=\/wp\/v2\/posts\/1428\/revisions\/1445"}],"wp:featuredmedia":[{"embeddable":true,"href":"https:\/\/cavbesana.it\/index.php?rest_route=\/wp\/v2\/media\/1444"}],"wp:attachment":[{"href":"https:\/\/cavbesana.it\/index.php?rest_route=%2Fwp%2Fv2%2Fmedia&parent=1428"}],"wp:term":[{"taxonomy":"category","embeddable":true,"href":"https:\/\/cavbesana.it\/index.php?rest_route=%2Fwp%2Fv2%2Fcategories&post=1428"},{"taxonomy":"post_tag","embeddable":true,"href":"https:\/\/cavbesana.it\/index.php?rest_route=%2Fwp%2Fv2%2Ftags&post=1428"}],"curies":[{"name":"wp","href":"https:\/\/api.w.org\/{rel}","templated":true}]}}