{"id":1413,"date":"2023-06-14T10:34:37","date_gmt":"2023-06-14T09:34:37","guid":{"rendered":"https:\/\/cavbesana.it\/?p=1413"},"modified":"2023-06-14T10:34:41","modified_gmt":"2023-06-14T09:34:41","slug":"standard-post-4","status":"publish","type":"post","link":"https:\/\/cavbesana.it\/?p=1413","title":{"rendered":"CAV-Besana si racconta ( Parte 3)"},"content":{"rendered":"<p>Gi\u00e0 dai primi anni di attivit\u00e0 del CAV-Besana , ci si rese conto che tra le varie situazioni di bisogno alcune richiedevano una maggiore attenzione e, tra queste, alcune situazioni di ragazze nubili che a causa della loro gravidanza era state, non solo abbandonate dal compagno ma anche allontanate dai genitori e dalle persone fino a quel momento amiche, aggiungendo alla fragilit\u00e0 emotiva che ogni donna prova \u00e8 in attesa di un figlio anche la preoccupazione di non avere una casa.<\/p>\n<p>Nasce allora,\u00a0 sia dalla consapevolezza che, spesso il coraggio di accogliere la vita parte dall&#8217; esperienza di essere accolti, che dalla conoscenza con la realt\u00e0 dell&#8217;associazione &#8220;famiglie per l&#8217;accoglienza&#8221; di Milano, il desiderio di aprire una casa che potesse essere un luogo dove queste giovani madri sole avrebbero potuto vivere e far cresce i loro bambini in una famiglia allargata.<\/p>\n<p>Nasce cos\u00ec nel 1990 l&#8217;associazione MATER VITAE e l&#8217;omonima casa di accoglienza che inizialmente era un semplice appartamento situato sopra l&#8217;asilo parrocchiale di Campofiorenzo, reso disponibile dal parroco di don Franco Molteni.<\/p>\n<p>Gli anni passano e lentamente ma con tenacia, il gruppo di Mater Vitae cresce sempre pi\u00f9.<\/p>\n<p>Anno dopo anno sempre pi\u00f9 ragazze vengono aiutate a portare a termine la gravidanza e ad allevare ed educare i propri figli.<\/p>\n<p>Quattro anni pi\u00f9 tardi, il salto. Il cascinale che si trova nella zona di Cascina Levada passa di mano. Nelle volont\u00e0 testamentarie, il proprietario mette per iscritto che almeno una parte dell\u2019edificio venga destinata ad associazioni. E cos\u00ec, l\u2019amministrazione comunale interpella<\/p>\n<p>l\u2019associazione Mater Vitae alla quale offre l\u2019utilizzo di tutto il piano terra. La Meater Vitae \u00e8 arrivata a compiere 20 anni, un traguardo importante, caratterizzato dall&#8217;accoglienza di ragazze madri, mamme con bambini e da un&#8217;attivit\u00e0 di sostegno alla genitorialit\u00e0. Purtroppo con la crisi nel giugno 2011 la casa di accoglienza ha dovuto chiudere ma \u00e8 rimasta aperta l&#8217;associazione mantenendo operativo lo spazio protetto e le\u00a0 iniziative condotte in collaborazione con Retesalute, tra i quali i percorsi per madri in difficolt\u00e0.<\/p>\n<p>Noi del CAV-Besana capimmo che il nostro intento si era veramente trasformato in realt\u00e0 quando per la giornata-per-la-vita di 2 anni dopo l&#8217;apertura della casa, la nostra amica Nicoletta , ostetrica e anima nonch\u00e8 coordinatrice della casa MaterVitae,\u00a0 ci rifer\u00ec quanto le aveva detto Francesca, una delle ospiti:<\/p>\n<h3><strong>&#8221; Il CAV e la casa MATER VITAE sono per me un ponte verso la speranza di potercela fare&#8221;<\/strong><\/h3>\n","protected":false},"excerpt":{"rendered":"<p>Gi\u00e0 dai primi anni di attivit\u00e0 del CAV-Besana , ci si rese conto che tra le varie situazioni di bisogno alcune richiedevano una maggiore attenzione e, tra queste, alcune situazioni di ragazze nubili che a causa della loro gravidanza era state, non solo abbandonate dal compagno ma anche allontanate dai genitori e dalle persone fino a quel momento amiche, aggiungendo&hellip;<\/p>\n","protected":false},"author":1,"featured_media":1421,"comment_status":"closed","ping_status":"open","sticky":false,"template":"","format":"standard","meta":{"footnotes":""},"categories":[50],"tags":[],"class_list":["post-1413","post","type-post","status-publish","format-standard","has-post-thumbnail","hentry","category-la-storia-del-cav-besana"],"_links":{"self":[{"href":"https:\/\/cavbesana.it\/index.php?rest_route=\/wp\/v2\/posts\/1413","targetHints":{"allow":["GET"]}}],"collection":[{"href":"https:\/\/cavbesana.it\/index.php?rest_route=\/wp\/v2\/posts"}],"about":[{"href":"https:\/\/cavbesana.it\/index.php?rest_route=\/wp\/v2\/types\/post"}],"author":[{"embeddable":true,"href":"https:\/\/cavbesana.it\/index.php?rest_route=\/wp\/v2\/users\/1"}],"replies":[{"embeddable":true,"href":"https:\/\/cavbesana.it\/index.php?rest_route=%2Fwp%2Fv2%2Fcomments&post=1413"}],"version-history":[{"count":1,"href":"https:\/\/cavbesana.it\/index.php?rest_route=\/wp\/v2\/posts\/1413\/revisions"}],"predecessor-version":[{"id":1422,"href":"https:\/\/cavbesana.it\/index.php?rest_route=\/wp\/v2\/posts\/1413\/revisions\/1422"}],"wp:featuredmedia":[{"embeddable":true,"href":"https:\/\/cavbesana.it\/index.php?rest_route=\/wp\/v2\/media\/1421"}],"wp:attachment":[{"href":"https:\/\/cavbesana.it\/index.php?rest_route=%2Fwp%2Fv2%2Fmedia&parent=1413"}],"wp:term":[{"taxonomy":"category","embeddable":true,"href":"https:\/\/cavbesana.it\/index.php?rest_route=%2Fwp%2Fv2%2Fcategories&post=1413"},{"taxonomy":"post_tag","embeddable":true,"href":"https:\/\/cavbesana.it\/index.php?rest_route=%2Fwp%2Fv2%2Ftags&post=1413"}],"curies":[{"name":"wp","href":"https:\/\/api.w.org\/{rel}","templated":true}]}}