{"id":1412,"date":"2023-06-14T10:28:50","date_gmt":"2023-06-14T09:28:50","guid":{"rendered":"https:\/\/cavbesana.it\/?p=1412"},"modified":"2023-06-14T10:31:58","modified_gmt":"2023-06-14T09:31:58","slug":"standard-post-3","status":"publish","type":"post","link":"https:\/\/cavbesana.it\/?p=1412","title":{"rendered":"CAV-Besana si racconta ( Parte 2)"},"content":{"rendered":"<p>I primi anni di attivit\u00e0 dell&#8217;associazione sono stati caratterizzati da una stretta collaborazione tra i volontari , i servizi sociali del comune allora gestiti da Nando Pirola , la parrocchia con Don Guido,\u00a0 Don Antonio e Don Bruno e anche con molti semplici cittadini di Besana e frazioni che hanno messo a disposizione le loro energie per dare un aiuto concreto alle famiglie che trovavano difficolt\u00e0 ad accogliere o a far crescere un figlio.<\/p>\n<p>Rosa Nardelli , che nel frattempo aveva dato il cambio a Sergio Caglio nel ruolo di presidente , ci ha raccontato uno dei primi casi seguiti :<\/p>\n<p>&#8220;un pomeriggio ricevo la chiamata dai servizi sociali di Carate che mi dice:<\/p>\n<p>&lt;&lt;Rosetta, qui da me c&#8217;\u00e8 una giovane donna in attesa di due gemelli, allontanata dalla famiglia dopo che anche il suo fidanzato se n&#8217;\u00e8 andato , perch\u00e8 dicono che non possono mantenerli tutti e tre \u2026 noi le abbiamo gi\u00e0 trovato alloggio nella casa famiglia xxxxx ma non abbiamo mezzi per fare di pi\u00f9 \u2026 lei \u00e8 molto spaventata per il parto imminente e anche per come fare da sola nei primi mesi dopo la nascita .. \u00e8 comprensibile , gi\u00e0 con un figlio solo non \u00e8 facile , con due gemelli poi, da sola \u2026 nella sua situazione sarei preoccupata anch&#8217;io\u00a0 \u2026\u00a0 voi potete starle vicino almeno per questi prossimi mesi ? &gt;&gt;<\/p>\n<p>Io le ho detto subito che\u00a0 saremmo andati a trovarla alla casa famiglia il giorno successivo e poi , come si dice, \u00e8 &#8220;storia&#8221;\u00a0 \u2026 due di noi si sono date il cambio per andarla a trovare due volte a settimana all&#8217;inizio e successivamente pi\u00f9 di raro .. i gemelli crescevano bene e la donna aveva imparato a fare la mamma \u2026\u00a0 tutto qui .. la presenza per ascoltare le preoccupazioni, un piccolo consiglio, coccolare uno dei due bimbi mentre lei allattava l&#8217;altro \u2026 piccolo cose che di giorno in giorno hanno consolidato un rapporto, di pi\u00f9, un&#8217;amicizia che \u00e8 durata nel tempo&#8221;<\/p>\n<p>Questo \u00e8 lo spirito del nostro CAV di ieri\u00a0 e di oggi : dare un aiuto anche materiale ma non solo, con rispetto e per quanto ci \u00e8 concesso entrare in relazione con le famiglie e accompagnarle per un piccolo pezzo della loro vita , fino a che si sentono di camminare da sole !<\/p>\n","protected":false},"excerpt":{"rendered":"<p>I primi anni di attivit\u00e0 dell&#8217;associazione sono stati caratterizzati da una stretta collaborazione tra i volontari , i servizi sociali del comune allora gestiti da Nando Pirola , la parrocchia con Don Guido,\u00a0 Don Antonio e Don Bruno e anche con molti semplici cittadini di Besana e frazioni che hanno messo a disposizione le loro energie per dare un aiuto&hellip;<\/p>\n","protected":false},"author":1,"featured_media":1420,"comment_status":"closed","ping_status":"open","sticky":false,"template":"","format":"standard","meta":{"footnotes":""},"categories":[50,1],"tags":[],"class_list":["post-1412","post","type-post","status-publish","format-standard","has-post-thumbnail","hentry","category-la-storia-del-cav-besana","category-uncategorized"],"_links":{"self":[{"href":"https:\/\/cavbesana.it\/index.php?rest_route=\/wp\/v2\/posts\/1412","targetHints":{"allow":["GET"]}}],"collection":[{"href":"https:\/\/cavbesana.it\/index.php?rest_route=\/wp\/v2\/posts"}],"about":[{"href":"https:\/\/cavbesana.it\/index.php?rest_route=\/wp\/v2\/types\/post"}],"author":[{"embeddable":true,"href":"https:\/\/cavbesana.it\/index.php?rest_route=\/wp\/v2\/users\/1"}],"replies":[{"embeddable":true,"href":"https:\/\/cavbesana.it\/index.php?rest_route=%2Fwp%2Fv2%2Fcomments&post=1412"}],"version-history":[{"count":1,"href":"https:\/\/cavbesana.it\/index.php?rest_route=\/wp\/v2\/posts\/1412\/revisions"}],"predecessor-version":[{"id":1419,"href":"https:\/\/cavbesana.it\/index.php?rest_route=\/wp\/v2\/posts\/1412\/revisions\/1419"}],"wp:featuredmedia":[{"embeddable":true,"href":"https:\/\/cavbesana.it\/index.php?rest_route=\/wp\/v2\/media\/1420"}],"wp:attachment":[{"href":"https:\/\/cavbesana.it\/index.php?rest_route=%2Fwp%2Fv2%2Fmedia&parent=1412"}],"wp:term":[{"taxonomy":"category","embeddable":true,"href":"https:\/\/cavbesana.it\/index.php?rest_route=%2Fwp%2Fv2%2Fcategories&post=1412"},{"taxonomy":"post_tag","embeddable":true,"href":"https:\/\/cavbesana.it\/index.php?rest_route=%2Fwp%2Fv2%2Ftags&post=1412"}],"curies":[{"name":"wp","href":"https:\/\/api.w.org\/{rel}","templated":true}]}}