{"id":1411,"date":"2023-06-14T10:22:59","date_gmt":"2023-06-14T09:22:59","guid":{"rendered":"https:\/\/cavbesana.it\/?p=1411"},"modified":"2023-06-14T10:25:44","modified_gmt":"2023-06-14T09:25:44","slug":"standard-post-2","status":"publish","type":"post","link":"https:\/\/cavbesana.it\/?p=1411","title":{"rendered":"Il CAV-Besana si racconta ( Parte 1)"},"content":{"rendered":"<h2>Come \u00e8 nato il CAV di Besana?<\/h2>\n<p>Tratto da un\u2019intervista a uno dei Fondatori Annoni Costante<\/p>\n<p>Siamo a settembre del 1987 gi\u00e0 da quasi 10 anni \u00e8 entrata in vigore la legge 194 che legalizza l\u2019aborto volontario\u2026 In quegli anni anche a Besana ci sono state situazioni emergenziali dalle pi\u00f9 tragiche, con donne morte per setticemia a situazioni pi\u00f9 ricorrenti di persone che non si sentivano di continuare la gravidanza soprattutto per problemi economici:<\/p>\n<p>\u201cio impegnato nella vita comunitaria di questo piccolo paese mi sono sentito sollecitato da questa situazione. Nel massimo rispetto della libert\u00e0 degli altri volevo dare alle persone che erano in questa situazione la possibilit\u00e0 di scegliere liberamente., volevo proporre qualcosa che sarebbe stato in grado di dire ad una persona in difficolt\u00e0: guarda che ti possiamo dare una mano sia dal punto di vista sanitario, sia dalla punta di vista economico e psicologico perch\u00e9 la vita e importante, la vita \u00e8 bella e se ti vuoi tenere il bambino avrai tutti gli aiuti necessari per portare avanti e far crescere la tua creatura. Da qui con l\u2019aiuto dell\u2019assessore e con alcune persone della parrocchia ci siamo messi a disposizione delle persone per dare risposta ad un problema concreto, ed \u00e8 cos\u00ec che il 15 aprile 1988, (quasi 9mesi dopo la generosa intuizione del sig. Annoni, che bella coincidenza !!)\u00a0 sei cittadini di Besana, residenti ciascuno in una diversa frazione rappresentando cos\u00ec il paese intero, hanno dato vita al CAV-Besana.\u201d<\/p>\n<p>A Sergio (Besana) presidente del CaV, Fernanda (Montesiro), Maria (Cal\u00f2), Egidio (Villa Raverio), Costante Paolo (Vergo), Adriana (Cal\u00f2), Anna (Valle Guidino) e a Nando che anche se non \u00e8 ufficialmente un fondatore (nel senso che il suo nome non compare sull&#8217;atto costitutivo dell\u2019associazione) \u00e8 per\u00f2 l&#8217;altro &#8220;fondatore spirituale&#8221; perch\u00e9 all&#8217;epoca era l&#8217;assistente sociale.) diciamo GRAZIE PER AVERCI DONATO LA VITA!! &#8220;<\/p>\n","protected":false},"excerpt":{"rendered":"<p>Come \u00e8 nato il CAV di Besana? Tratto da un\u2019intervista a uno dei Fondatori Annoni Costante Siamo a settembre del 1987 gi\u00e0 da quasi 10 anni \u00e8 entrata in vigore la legge 194 che legalizza l\u2019aborto volontario\u2026 In quegli anni anche a Besana ci sono state situazioni emergenziali dalle pi\u00f9 tragiche, con donne morte per setticemia a situazioni pi\u00f9 ricorrenti&hellip;<\/p>\n","protected":false},"author":1,"featured_media":1418,"comment_status":"closed","ping_status":"open","sticky":false,"template":"","format":"standard","meta":{"footnotes":""},"categories":[50],"tags":[],"class_list":["post-1411","post","type-post","status-publish","format-standard","has-post-thumbnail","hentry","category-la-storia-del-cav-besana"],"_links":{"self":[{"href":"https:\/\/cavbesana.it\/index.php?rest_route=\/wp\/v2\/posts\/1411","targetHints":{"allow":["GET"]}}],"collection":[{"href":"https:\/\/cavbesana.it\/index.php?rest_route=\/wp\/v2\/posts"}],"about":[{"href":"https:\/\/cavbesana.it\/index.php?rest_route=\/wp\/v2\/types\/post"}],"author":[{"embeddable":true,"href":"https:\/\/cavbesana.it\/index.php?rest_route=\/wp\/v2\/users\/1"}],"replies":[{"embeddable":true,"href":"https:\/\/cavbesana.it\/index.php?rest_route=%2Fwp%2Fv2%2Fcomments&post=1411"}],"version-history":[{"count":2,"href":"https:\/\/cavbesana.it\/index.php?rest_route=\/wp\/v2\/posts\/1411\/revisions"}],"predecessor-version":[{"id":1417,"href":"https:\/\/cavbesana.it\/index.php?rest_route=\/wp\/v2\/posts\/1411\/revisions\/1417"}],"wp:featuredmedia":[{"embeddable":true,"href":"https:\/\/cavbesana.it\/index.php?rest_route=\/wp\/v2\/media\/1418"}],"wp:attachment":[{"href":"https:\/\/cavbesana.it\/index.php?rest_route=%2Fwp%2Fv2%2Fmedia&parent=1411"}],"wp:term":[{"taxonomy":"category","embeddable":true,"href":"https:\/\/cavbesana.it\/index.php?rest_route=%2Fwp%2Fv2%2Fcategories&post=1411"},{"taxonomy":"post_tag","embeddable":true,"href":"https:\/\/cavbesana.it\/index.php?rest_route=%2Fwp%2Fv2%2Ftags&post=1411"}],"curies":[{"name":"wp","href":"https:\/\/api.w.org\/{rel}","templated":true}]}}